{"id":465,"date":"2020-10-08T14:48:20","date_gmt":"2020-10-08T14:48:20","guid":{"rendered":"http:\/\/stadtratsberichte.de\/?p=465"},"modified":"2020-10-19T10:03:29","modified_gmt":"2020-10-19T10:03:29","slug":"wie-man-einen-gordischen-knoten-knuepft","status":"publish","type":"post","link":"https:\/\/stadtratsberichte.de\/?p=465","title":{"rendered":"Wie man einen Gordischen Knoten kn\u00fcpft"},"content":{"rendered":"\n<p>Viele M\u00fcnchner Stadtbezirke haben ein Kulturb\u00fcrgerhaus. Dort k\u00f6nnen Vereine und Parteien Sitzungen abhalten, K\u00fcnstler auftreten, Unterrichtskurse und viele andere Veranstaltungen stattfinden, die das Leben in dieser Stadt kulturell bereichern. F\u00fcr die \u00fcber 100.000 Einwohner in den Bezirken Sendling-Westpark und Laim fehlt jedoch bislang solch ein Kulturzentrum. Seit nunmehr 35 (!) Jahren wird versucht, dies zu \u00e4ndern, bislang jedoch ohne Erfolg. Das nunmehr angestrebte Datum f\u00fcr eine Er\u00f6ffnung liegt fr\u00fchestens in 2025.<\/p>\n\n\n\n<p>Warum ist das so? Wer das genau wissen m\u00f6chte, kann die entsprechende <a href=\"https:\/\/www.ris-muenchen.de\/RII\/RII\/DOK\/SITZUNGSVORLAGE\/6195979.pdf\">Vorlage<\/a> zur heutigen Sitzung des Kommunalausschusses studieren. Die Kurzfassung ist, dass ein fertiges Nutzungsprofil des geplanten Baus bis heute nicht vorliegt und in naher Zukunft auch nicht vorliegen wird. Zwar haben eine B\u00fcrgerversammlung und die zwei zust\u00e4ndigen Bezirksaussch\u00fcsse mit klaren Worten (&#8222;<em>nicht hinnehmbar<\/em>&#8220; ) eine schnelle Realisierung gefordert. Erfolg hatten sie in der heutigen Sitzung jedoch kaum, da der angestrebte Termin einer Fertigstellung von &#8222;<em>nicht vor 2027<\/em>&#8220; gerade mal auf &#8222;<em>bis 2025<\/em>&#8220; vorgezogen worden ist &#8211; verbunden mit der Androhung deutlicher Mehrkosten f\u00fcr die beschleunigte Planung durch das Kommunalreferat.<\/p>\n\n\n\n<p>Der Grundsatzbeschluss des Stadtrates f\u00fcr die Errichtung eines Stadtteilkulturzentrums an der Westendstra\u00dfe \/ Ludwigshafenerstra\u00dfe ist bereits in 2013 ergangen, allerdings in Kombination mit einem zus\u00e4tzlichen Standort f\u00fcr die M\u00fcnchner Stadtverwaltung. R\u00fcckblickend war das m\u00f6glicherweise der entscheidende Geburtsfehler.<\/p>\n\n\n\n<figure class=\"wp-block-image size-large\"><img loading=\"lazy\" decoding=\"async\" width=\"1024\" height=\"708\" src=\"https:\/\/stadtratsberichte.de\/wp-content\/uploads\/2020\/10\/2020-10-08-1024x708.png\" alt=\"\" class=\"wp-image-468\" srcset=\"https:\/\/stadtratsberichte.de\/wp-content\/uploads\/2020\/10\/2020-10-08-1024x708.png 1024w, https:\/\/stadtratsberichte.de\/wp-content\/uploads\/2020\/10\/2020-10-08-300x208.png 300w, https:\/\/stadtratsberichte.de\/wp-content\/uploads\/2020\/10\/2020-10-08-768x531.png 768w, https:\/\/stadtratsberichte.de\/wp-content\/uploads\/2020\/10\/2020-10-08-1200x830.png 1200w, https:\/\/stadtratsberichte.de\/wp-content\/uploads\/2020\/10\/2020-10-08.png 1467w\" sizes=\"auto, (max-width: 767px) 89vw, (max-width: 1000px) 54vw, (max-width: 1071px) 543px, 580px\" \/><figcaption> Das Grundst\u00fcck f\u00fcr das neue Kulturb\u00fcrgerhaus (Quelle: Google Maps)<\/figcaption><\/figure>\n\n\n\n<p><\/p>\n\n\n\n<p>Zun\u00e4chst war geplant, dass Teile des Kreisverwaltungsreferats dort einziehen. Inzwischen ist allerdings die Idee aufgekommen, das neue Mobilit\u00e4tsreferat in dem  Geb\u00e4ude anzusiedeln, in einer Art &#8222;Rathaus der Mobilit\u00e4t&#8220; , allerdings gegen den heftigen Widerstand des Kreisverwaltungsreferats, das an seinen urspr\u00fcnglichen Nutzungspl\u00e4nen festhalten m\u00f6chte, vgl. <a href=\"https:\/\/www.ris-muenchen.de\/RII\/RII\/DOK\/SITZUNGSVORLAGE\/6195983.pdf\">die Stellungnahme zur Vorlage<\/a>.<\/p>\n\n\n\n<p>Nun gibt es das neue Mobilit\u00e4tsreferat noch gar nicht. Voraussichtlich wird es erst Anfang 2021 in anderen R\u00e4umen der Stadtverwaltung seine Arbeit aufnehmen. Erst danach sollen die Erfordernisse f\u00fcr den gemeinsamen Bau mit dem Stadtteilkulturzentrum definiert werden. Die vorerst letzte Schlaufe dieses Gordischen Knotens wird durch Corona gekn\u00fcpft, da die erzwungene Digitalisierung zu ganz grunds\u00e4tzlichen Zweifeln am Raumbedarf der Stadtverwaltung gef\u00fchrt hat. So hat es jedenfalls die Leiterin des Kommunalreferats in der heutigen Sitzung angedeutet. <\/p>\n\n\n\n<p>Man kann den Sendlingern und Laimern nur w\u00fcnschen, dass ein neuer Alexander vorbeikommt, der dieses Anforderungsgewirr durchschl\u00e4gt und ihr Kulturb\u00fcrgerhaus von dem vielleicht irgendwann und irgendwie ben\u00f6tigten Verwaltungsbau der Stadt trennt. Andernfalls gibt es auch weiterhin kaum eine Chance auf einen schnellen Baubeginn.<\/p>\n","protected":false},"excerpt":{"rendered":"<p>Viele M\u00fcnchner Stadtbezirke haben ein Kulturb\u00fcrgerhaus. Dort k\u00f6nnen Vereine und Parteien Sitzungen abhalten, K\u00fcnstler auftreten, Unterrichtskurse und viele andere Veranstaltungen stattfinden, die das Leben in dieser Stadt kulturell bereichern. F\u00fcr die \u00fcber 100.000 Einwohner in den Bezirken Sendling-Westpark und Laim fehlt jedoch bislang solch ein Kulturzentrum. Seit nunmehr 35 (!) Jahren wird versucht, dies zu &hellip; <\/p>\n<p class=\"link-more\"><a href=\"https:\/\/stadtratsberichte.de\/?p=465\" class=\"more-link\"><span class=\"screen-reader-text\">\u201eWie man einen Gordischen Knoten kn\u00fcpft\u201c <\/span>weiterlesen<\/a><\/p>\n","protected":false},"author":1,"featured_media":0,"comment_status":"closed","ping_status":"open","sticky":false,"template":"","format":"standard","meta":{"footnotes":""},"categories":[12],"tags":[],"class_list":["post-465","post","type-post","status-publish","format-standard","hentry","category-kommunalausschuss"],"_links":{"self":[{"href":"https:\/\/stadtratsberichte.de\/index.php?rest_route=\/wp\/v2\/posts\/465","targetHints":{"allow":["GET"]}}],"collection":[{"href":"https:\/\/stadtratsberichte.de\/index.php?rest_route=\/wp\/v2\/posts"}],"about":[{"href":"https:\/\/stadtratsberichte.de\/index.php?rest_route=\/wp\/v2\/types\/post"}],"author":[{"embeddable":true,"href":"https:\/\/stadtratsberichte.de\/index.php?rest_route=\/wp\/v2\/users\/1"}],"replies":[{"embeddable":true,"href":"https:\/\/stadtratsberichte.de\/index.php?rest_route=%2Fwp%2Fv2%2Fcomments&post=465"}],"version-history":[{"count":7,"href":"https:\/\/stadtratsberichte.de\/index.php?rest_route=\/wp\/v2\/posts\/465\/revisions"}],"predecessor-version":[{"id":489,"href":"https:\/\/stadtratsberichte.de\/index.php?rest_route=\/wp\/v2\/posts\/465\/revisions\/489"}],"wp:attachment":[{"href":"https:\/\/stadtratsberichte.de\/index.php?rest_route=%2Fwp%2Fv2%2Fmedia&parent=465"}],"wp:term":[{"taxonomy":"category","embeddable":true,"href":"https:\/\/stadtratsberichte.de\/index.php?rest_route=%2Fwp%2Fv2%2Fcategories&post=465"},{"taxonomy":"post_tag","embeddable":true,"href":"https:\/\/stadtratsberichte.de\/index.php?rest_route=%2Fwp%2Fv2%2Ftags&post=465"}],"curies":[{"name":"wp","href":"https:\/\/api.w.org\/{rel}","templated":true}]}}