{"id":4088,"date":"2024-02-01T22:23:45","date_gmt":"2024-02-01T22:23:45","guid":{"rendered":"https:\/\/stadtratsberichte.de\/?p=4088"},"modified":"2024-02-01T22:29:25","modified_gmt":"2024-02-01T22:29:25","slug":"gruendlichkeit-und-schnelligkeit","status":"publish","type":"post","link":"https:\/\/stadtratsberichte.de\/?p=4088","title":{"rendered":"Gr\u00fcndlichkeit und Schnelligkeit ?"},"content":{"rendered":"\n<p>Die letzte Kommunalwahl in M\u00fcnchen liegt fast vier Jahre zur\u00fcck. Mehr als die H\u00e4lfte der Wahlperiode ist um. Da stellt sich die Frage, wieviel seit 2020 von der versprochenen Verkehrswende in M\u00fcnchen, insbesondere zugunsten des Radverkehrs, erreicht worden ist. Denn es gibt in M\u00fcnchen immer noch viele Radwege, die einfach im &#8222;Nichts&#8220; enden, beispielsweise hier in der Gebsattelstra\u00dfe bergab Richtung Westen:<\/p>\n\n\n\n<figure class=\"wp-block-image size-large\"><img loading=\"lazy\" decoding=\"async\" width=\"1024\" height=\"774\" src=\"https:\/\/stadtratsberichte.de\/wp-content\/uploads\/2024\/01\/IMG_2711-1024x774.jpg\" alt=\"\" class=\"wp-image-4094\" srcset=\"https:\/\/stadtratsberichte.de\/wp-content\/uploads\/2024\/01\/IMG_2711-1024x774.jpg 1024w, https:\/\/stadtratsberichte.de\/wp-content\/uploads\/2024\/01\/IMG_2711-300x227.jpg 300w, https:\/\/stadtratsberichte.de\/wp-content\/uploads\/2024\/01\/IMG_2711-768x580.jpg 768w, https:\/\/stadtratsberichte.de\/wp-content\/uploads\/2024\/01\/IMG_2711.jpg 1280w\" sizes=\"auto, (max-width: 767px) 89vw, (max-width: 1000px) 54vw, (max-width: 1071px) 543px, 580px\" \/><figcaption class=\"wp-element-caption\">Das pl\u00f6tzliche Ende des Radwegs in der Gebsattelstra\u00dfe hinunter in die Au. Ab hier geht es nur noch zwischen den fahrenden und den geparkten Autos abw\u00e4rts. Wenn jetzt eine T\u00fcr aufgeht, knallt es unweigerlich. <br>(Quelle: Eigene Aufnahme)<\/figcaption><\/figure>\n\n\n\n<p>Offensichtlich ist auch der gr\u00fcn-roten Stadtratsmehrheit bewusst, dass die Umsetzung ihrer Ideen und Pl\u00e4ne l\u00e4nger als erwartet dauert. Bereits im vergangenen Oktober wurde die Verwaltung daher per Stadtratsbeschluss angewiesen<\/p>\n\n\n\n<p><em>&#8222;&#8230;..bei der Realisierung aller geplanten Radentscheidungsma\u00dfnahmen priorit\u00e4r jene zuerst umzusetzen, die f\u00fcr den Radverkehr am schnellsten und effektivsten mehr Verkehrssicherheit erm\u00f6glichen. Dabei sind dem Stadtrat auch L\u00f6sungen vorzuschlagen, die mit vergleichsweise einfachen, kosteng\u00fcnstigen Ma\u00dfnahmen gesch\u00fctzte \u2013provisorische \u2013 Radfahrstreifen schaffen &#8230; .&#8220; <\/em><\/p>\n\n\n\n<p>Am vergangenen Mittwoch hat nun das Mobilit\u00e4tsreferat mit einer <a href=\"https:\/\/risi.muenchen.de\/risi\/dokument\/v\/8217038\">Vorlage<\/a> eine aktuelle \u00dcbersicht zu den verschiedenen Projekten vorgelegt und erkl\u00e4rt, warum vieles so lange dauert. <\/p>\n\n\n\n<!--more-->\n\n\n\n<p>In der Vorlage wird zun\u00e4chst in Erinnerung gerufen, welche hohen Qualit\u00e4tsanforderungen an neue Radwege vom Radentscheid 2019 aufgestellt worden sind: <\/p>\n\n\n\n<p><em>&#8222;An f\u00fcr den Radverkehr gewidmeten Gemeindestra\u00dfen mit hohem Kfz-Aufkommen oder zul\u00e4ssigen Geschwindigkeiten \u00fcber 30 km\/h gibt es <strong>baulich gesch\u00fctzte<\/strong> Radwege. Diese haben eine <strong>nutzbare Mindestbreite von 2,30 Meter pro Fahrtrichtung, zuz\u00fcglich seitlicher Sicherheitsabst\u00e4nde <\/strong>und sind baulich so gestaltet, dass unzul\u00e4ssiges Befahren und Halten durch Kraftfahrzeuge unterbleibt. (\u2026).\u201c<\/em>   (Hervorhebung hinzugef\u00fcgt)<\/p>\n\n\n\n<p>Vor 2019 gebaute Radwege in M\u00fcnchen bestanden h\u00e4ufig nur aus einem d\u00fcnnen Streifen auf H\u00f6he des B\u00fcrgersteigs, wie man ihn beispielsweise in der Lindwurmstra\u00dfe findet. H\u00e4ufige Konflikte zwischen Fu\u00dfg\u00e4ngern und Radlern sind die Folge.<\/p>\n\n\n\n<p>F\u00fcr neue, &#8222;radentscheidskonforme&#8220; Radwege gilt hingegen:<\/p>\n\n\n\n<p>\u201e<em>Diese Ma\u00dfnahmen sollen \u201epriorit\u00e4r durch Umwidmung von Fl\u00e4chen f\u00fcr Kfz-Fahrspuren oder Kfz-Parkpl\u00e4tze und gegebenenfalls auch zu Lasten der Leistungsf\u00e4higkeit des Kfz-Verkehrs [\u2026], in der Regel jedoch <strong>nicht auf Kosten der Fl\u00e4chen f\u00fcr den Fu\u00dfverkehr, den \u00f6ffentlichen Personennahverkehr und des Stadtgr\u00fcns<\/strong> umgesetzt werden.\u201c  <\/em>(Hervorhebung hinzugef\u00fcgt) <\/p>\n\n\n\n<p>Der ebenfalls geplante Ausbau des \u00d6PNVs erschwert die Planungen genauso wie die erw\u00fcnschte Zunahme an B\u00e4umen im Stra\u00dfenraum, um die <a href=\"https:\/\/stadtratsberichte.de\/?p=318\">Aufheizung der Stadt in den immer hei\u00dferen Sommermonaten<\/a> zu bremsen.<\/p>\n\n\n\n<p>Wie schwierig es ist, alle diese Anforderungen unter einen Hut zu bringen, konnte man beispielhaft in der Sitzung am Mittwoch anhand einer weiteren <a href=\"https:\/\/risi.muenchen.de\/risi\/dokument\/v\/8201154\">Vorlage<\/a> erkennen, die unter anderem den Umbau der Kreuzung zwischen Dachauer Stra\u00dfe und der Schweren Reiter Stra\u00dfe betrifft. Bislang sieht es dort so aus:<\/p>\n\n\n\n<figure class=\"wp-block-image size-full\"><img loading=\"lazy\" decoding=\"async\" width=\"1677\" height=\"882\" src=\"https:\/\/stadtratsberichte.de\/wp-content\/uploads\/2024\/01\/2024-01-25-7.jpg\" alt=\"\" class=\"wp-image-4112\" srcset=\"https:\/\/stadtratsberichte.de\/wp-content\/uploads\/2024\/01\/2024-01-25-7.jpg 1677w, https:\/\/stadtratsberichte.de\/wp-content\/uploads\/2024\/01\/2024-01-25-7-300x158.jpg 300w, https:\/\/stadtratsberichte.de\/wp-content\/uploads\/2024\/01\/2024-01-25-7-1024x539.jpg 1024w, https:\/\/stadtratsberichte.de\/wp-content\/uploads\/2024\/01\/2024-01-25-7-768x404.jpg 768w, https:\/\/stadtratsberichte.de\/wp-content\/uploads\/2024\/01\/2024-01-25-7-1536x808.jpg 1536w\" sizes=\"auto, (max-width: 767px) 89vw, (max-width: 1000px) 54vw, (max-width: 1071px) 543px, 580px\" \/><figcaption class=\"wp-element-caption\">Luftaufnahme der Kreuzung zwischen Dachauer Stra\u00dfe und Schwere Reiter Stra\u00dfe <br>(Quelle: Google Maps, Markierung hinzugef\u00fcgt)<\/figcaption><\/figure>\n\n\n\n<p>Besonders problematisch ist hier der sogenannte &#8222;freilaufende Rechtsabbieger&#8220; (vgl. den roten Pfeil im Bild). Autos k\u00f6nnen dadurch wie auf einer Autobahnauffahrt ohne jede Ampel in die Dachauer Stra\u00dfe abbiegen. Dabei wird allerdings zweimal der Rad- und Fu\u00dfweg gekreuzt, was <a href=\"https:\/\/nrw.vcd.org\/der-vcd-in-nrw\/koeln\/rheinschiene-und-rheinschiene-extra\/freilaufende-rechtsabbieger\/\">erhebliche Unfallrisiken<\/a> mit sich bringt.<\/p>\n\n\n\n<p>Schaut man sich die Neuplanung des Kreuzungsbereichs an, erkennt man wie kompliziert der Umbau ist. Denn es soll nicht nur der gef\u00e4hrliche Rechtsabbieger zur\u00fcckgebaut werden, sondern unter anderem<\/p>\n\n\n\n<ul class=\"wp-block-list\">\n<li>mehr als 10 zus\u00e4tzliche B\u00e4umen (hellgr\u00fcne Kreise) gepflanzt,<\/li>\n\n\n\n<li>die Trambahnhaltestelle barrierefrei ausgebaut (hellblaue Bereiche), und<\/li>\n\n\n\n<li>Teile der Infrastruktur im Boden erneuert werden (vgl. beispielsweise die kleine rote Angabe in der  Bildmitte unten &#8222;<em>Isolierung der Bestehenden Wasserleitung erneuern (SWM)<\/em>.&#8220;   <\/li>\n<\/ul>\n\n\n\n<figure class=\"wp-block-image size-full\"><img loading=\"lazy\" decoding=\"async\" width=\"2429\" height=\"1122\" src=\"https:\/\/stadtratsberichte.de\/wp-content\/uploads\/2024\/01\/2024-01-25-2.png\" alt=\"\" class=\"wp-image-4104\" srcset=\"https:\/\/stadtratsberichte.de\/wp-content\/uploads\/2024\/01\/2024-01-25-2.png 2429w, https:\/\/stadtratsberichte.de\/wp-content\/uploads\/2024\/01\/2024-01-25-2-300x139.png 300w, https:\/\/stadtratsberichte.de\/wp-content\/uploads\/2024\/01\/2024-01-25-2-1024x473.png 1024w, https:\/\/stadtratsberichte.de\/wp-content\/uploads\/2024\/01\/2024-01-25-2-768x355.png 768w, https:\/\/stadtratsberichte.de\/wp-content\/uploads\/2024\/01\/2024-01-25-2-1536x710.png 1536w, https:\/\/stadtratsberichte.de\/wp-content\/uploads\/2024\/01\/2024-01-25-2-2048x946.png 2048w\" sizes=\"auto, (max-width: 767px) 89vw, (max-width: 1000px) 54vw, (max-width: 1071px) 543px, 580px\" \/><figcaption class=\"wp-element-caption\">Neuplanung der Kreuzung zwischen Dachauer Stra\u00dfe und Schwere Reiter Stra\u00dfe <br>(Quelle: <a href=\"https:\/\/risi.muenchen.de\/risi\/dokument\/v\/8201152\">Anlagen<\/a> zur Vorlage des Mobilit\u00e4tsreferats)<\/figcaption><\/figure>\n\n\n\n<p>Es liegt auf der Hand, dass solch eine gr\u00fcndliche Planung Zeit braucht und eine detaillierte  Abstimmung zwischen Stadtverwaltung, den Verkehrsbetrieben, den Stadtwerken und nicht zuletzt mit den betroffenen Anwohnern erfordert. <\/p>\n\n\n\n<p>Bei den Stadtr\u00e4tinnen und Stadtr\u00e4ten im Ausschuss gab es daher Verst\u00e4ndnis f\u00fcr die Ausf\u00fchrungen des Mobilit\u00e4tsreferats, dass die Planungen f\u00fcr den Radwegeausbau aufgrund der damit verbundenen Komplexit\u00e4t kaum zu beschleunigen sind. <\/p>\n\n\n\n<p>Und dennoch bleibt die Frage, ob nicht viele Verbesserungen f\u00fcr den Radverkehr in M\u00fcnchen auch kurzfristig durch einfaches Abmarkieren von Radwegen auf Fahrspuren des Autoverkehrs m\u00f6glich w\u00e4re. Mir scheint es, als ob insbesondere die Anforderung, dass jeder neue Radweg &#8211; auch als Provisorium &#8211; ein &#8222;gesch\u00fctzer&#8220; Radweg sein muss, schnellen Ma\u00dfnahmen im Wege steht.<\/p>\n\n\n\n<p>So k\u00f6nnte man beispielsweise in der ganz oben gezeigten Gebsattelstra\u00dfe die Parkpl\u00e4tze auf der Nordseite (vgl. das Bild oben) innerhalb eines Tages in einen abw\u00e4rts f\u00fchrenden Radweg umwandeln. Eine solche Fahrradspur w\u00e4re zwar ungesch\u00fctzt, da nicht baulich von der Fahrbahn der Autos getrennt. Es ist aber offensichtlich, dass auch ohne solch eine Trennung die Situation f\u00fcr den Radverkehr sofort erheblich verbessert w\u00fcrde. Jedenfalls als Zwischenl\u00f6sung w\u00e4re damit viel Sicherheit gewonnen.<\/p>\n\n\n\n<p>Wenn bis zur n\u00e4chsten Kommunalwahl mehr sichtbare Fortschritte f\u00fcr den Radverkehr erreicht werden sollen, braucht es dazu vielleicht einen neuen Ansatz des Mobilit\u00e4tsreferats. Provisorische L\u00f6sungen sollten mit mehr Mut als bislang realisiert werden. Gelegenheiten dazu gibt es leider im M\u00fcnchner Stadtgebiet noch jede Menge.  <\/p>\n","protected":false},"excerpt":{"rendered":"<p>Die letzte Kommunalwahl in M\u00fcnchen liegt fast vier Jahre zur\u00fcck. Mehr als die H\u00e4lfte der Wahlperiode ist um. Da stellt sich die Frage, wieviel seit 2020 von der versprochenen Verkehrswende in M\u00fcnchen, insbesondere zugunsten des Radverkehrs, erreicht worden ist. Denn es gibt in M\u00fcnchen immer noch viele Radwege, die einfach im &#8222;Nichts&#8220; enden, beispielsweise hier &hellip; <\/p>\n<p class=\"link-more\"><a href=\"https:\/\/stadtratsberichte.de\/?p=4088\" class=\"more-link\"><span class=\"screen-reader-text\">\u201eGr\u00fcndlichkeit und Schnelligkeit ?\u201c <\/span>weiterlesen<\/a><\/p>\n","protected":false},"author":1,"featured_media":0,"comment_status":"open","ping_status":"open","sticky":false,"template":"","format":"standard","meta":{"footnotes":""},"categories":[22],"tags":[],"class_list":["post-4088","post","type-post","status-publish","format-standard","hentry","category-mobilitaetsausschuss"],"_links":{"self":[{"href":"https:\/\/stadtratsberichte.de\/index.php?rest_route=\/wp\/v2\/posts\/4088","targetHints":{"allow":["GET"]}}],"collection":[{"href":"https:\/\/stadtratsberichte.de\/index.php?rest_route=\/wp\/v2\/posts"}],"about":[{"href":"https:\/\/stadtratsberichte.de\/index.php?rest_route=\/wp\/v2\/types\/post"}],"author":[{"embeddable":true,"href":"https:\/\/stadtratsberichte.de\/index.php?rest_route=\/wp\/v2\/users\/1"}],"replies":[{"embeddable":true,"href":"https:\/\/stadtratsberichte.de\/index.php?rest_route=%2Fwp%2Fv2%2Fcomments&post=4088"}],"version-history":[{"count":43,"href":"https:\/\/stadtratsberichte.de\/index.php?rest_route=\/wp\/v2\/posts\/4088\/revisions"}],"predecessor-version":[{"id":4162,"href":"https:\/\/stadtratsberichte.de\/index.php?rest_route=\/wp\/v2\/posts\/4088\/revisions\/4162"}],"wp:attachment":[{"href":"https:\/\/stadtratsberichte.de\/index.php?rest_route=%2Fwp%2Fv2%2Fmedia&parent=4088"}],"wp:term":[{"taxonomy":"category","embeddable":true,"href":"https:\/\/stadtratsberichte.de\/index.php?rest_route=%2Fwp%2Fv2%2Fcategories&post=4088"},{"taxonomy":"post_tag","embeddable":true,"href":"https:\/\/stadtratsberichte.de\/index.php?rest_route=%2Fwp%2Fv2%2Ftags&post=4088"}],"curies":[{"name":"wp","href":"https:\/\/api.w.org\/{rel}","templated":true}]}}