{"id":318,"date":"2020-07-13T09:05:33","date_gmt":"2020-07-13T09:05:33","guid":{"rendered":"http:\/\/stadtratsberichte.de\/?p=318"},"modified":"2020-07-14T10:15:48","modified_gmt":"2020-07-14T10:15:48","slug":"die-auswirkungen-des-klimawandels-auf-muenchen","status":"publish","type":"post","link":"https:\/\/stadtratsberichte.de\/?p=318","title":{"rendered":"Die Auswirkungen des Klimawandels auf M\u00fcnchen"},"content":{"rendered":"\n<p>Die Kommunalpolitik der Stadt M\u00fcnchen befasst sich st\u00e4ndig mit dem Klimawandel. Zumeist geht es darum, die CO2-Emissionen der Stadt zu senken, sei es beim Wohnen, im Verkehr oder durch den Konsum der M\u00fcnchner. Die Sitzung des Umweltausschusses am letzten Dienstag betraf die andere Seite der Medaille, n\u00e4mlich wie sich der Klimawandel konkret auf M\u00fcnchen auswirkt.<\/p>\n\n\n\n<p>Die Stadtverwaltung hat 2012 eine Kooperation mit dem Deutschen Wetterdienst (DWD) begonnen, der mit einer Vielzahl von Messstationen die Entwicklung der Temperatur und anderer Parameter in der Stadt und im Umland verfolgt. Die wichtigsten Ergebnisse der <a href=\"https:\/\/www.ris-muenchen.de\/RII\/RII\/DOK\/SITZUNGSVORLAGE\/6097204.pdf\">vorgelegten Studie<\/a> (im Folgenden \u201cDWD Studie\u201d) werden hier dargestellt.<\/p>\n\n\n\n<p>Die  Kurzfassung lautet, dass auch in M\u00fcnchen die zunehmende Erw\u00e4rmung eindeutig messbar ist. Allerdings haben wir gl\u00fccklicherweise mit dem lokalen Klimaph\u00e4nomen des \u201cAlpinen Pumpens\u201d eine Art Klimajoker, der die Temperatur in der Stadt immer dann etwas d\u00e4mpft, wenn es aufgrund der Wetterlage am meisten gebraucht wird. Im Einzelnen:<\/p>\n\n\n\n<p>Der allgemeine Temperaturanstieg in M\u00fcnchen l\u00e4sst sich an den Messdaten klar ablesen. Ein vielleicht von manchen M\u00fcnchnern als angenehm empfundener Aspekt des Klimawandels ist die geringere Anzahl an Tagen mit Frost und der sogenannten Eistage, d.h. Tage, an denen die Temperatur \u00fcberhaupt nicht \u00fcber den Gefrierpunkt steigt:<\/p>\n\n\n\n<figure class=\"wp-block-image size-large is-resized\"><img loading=\"lazy\" decoding=\"async\" src=\"https:\/\/stadtratsberichte.de\/wp-content\/uploads\/2020\/07\/E7DFA45B-531C-452C-B962-F07880813923.jpeg\" alt=\"\" class=\"wp-image-324\" width=\"630\" height=\"281\" srcset=\"https:\/\/stadtratsberichte.de\/wp-content\/uploads\/2020\/07\/E7DFA45B-531C-452C-B962-F07880813923.jpeg 918w, https:\/\/stadtratsberichte.de\/wp-content\/uploads\/2020\/07\/E7DFA45B-531C-452C-B962-F07880813923-300x134.jpeg 300w, https:\/\/stadtratsberichte.de\/wp-content\/uploads\/2020\/07\/E7DFA45B-531C-452C-B962-F07880813923-768x343.jpeg 768w\" sizes=\"auto, (max-width: 630px) 100vw, 630px\" \/><figcaption>Abnehmende Anzahl der Tage mit Frost (Quelle: <a href=\"https:\/\/www.ris-muenchen.de\/RII\/RII\/DOK\/SITZUNGSVORLAGE\/6097204.pdf\">DWD-Studie<\/a>)<br><br><\/figcaption><\/figure>\n\n\n\n<figure class=\"wp-block-image size-large\"><img loading=\"lazy\" decoding=\"async\" width=\"871\" height=\"412\" src=\"https:\/\/stadtratsberichte.de\/wp-content\/uploads\/2020\/07\/0F49F4FF-DCC1-403B-BE2A-C678A89761BC.jpeg\" alt=\"\" class=\"wp-image-325\" srcset=\"https:\/\/stadtratsberichte.de\/wp-content\/uploads\/2020\/07\/0F49F4FF-DCC1-403B-BE2A-C678A89761BC.jpeg 871w, https:\/\/stadtratsberichte.de\/wp-content\/uploads\/2020\/07\/0F49F4FF-DCC1-403B-BE2A-C678A89761BC-300x142.jpeg 300w, https:\/\/stadtratsberichte.de\/wp-content\/uploads\/2020\/07\/0F49F4FF-DCC1-403B-BE2A-C678A89761BC-768x363.jpeg 768w\" sizes=\"auto, (max-width: 767px) 89vw, (max-width: 1000px) 54vw, (max-width: 1071px) 543px, 580px\" \/><figcaption>Abnehmende Anzahl der Eistage (Quelle: <a href=\"https:\/\/www.ris-muenchen.de\/RII\/RII\/DOK\/SITZUNGSVORLAGE\/6097204.pdf\">DWD-Studie<\/a>)<\/figcaption><\/figure>\n\n\n\n<p>Umgekehrt steigt die Zahl der Sommertage mit einer maximalen Temperatur \u00fcber 25 Grad und der hei\u00dfen Tage mit mehr als 30 Grad:<\/p>\n\n\n\n<figure class=\"wp-block-image size-large is-resized\"><a href=\"https:\/\/www.ris-muenchen.de\/RII\/RII\/DOK\/SITZUNGSVORLAGE\/6097204.pdf\"><img loading=\"lazy\" decoding=\"async\" src=\"https:\/\/stadtratsberichte.de\/wp-content\/uploads\/2020\/07\/41D6E2D9-9FE4-452B-A5CC-BCBBF514A377.jpeg\" alt=\"\" class=\"wp-image-327\" width=\"632\" height=\"286\" srcset=\"https:\/\/stadtratsberichte.de\/wp-content\/uploads\/2020\/07\/41D6E2D9-9FE4-452B-A5CC-BCBBF514A377.jpeg 914w, https:\/\/stadtratsberichte.de\/wp-content\/uploads\/2020\/07\/41D6E2D9-9FE4-452B-A5CC-BCBBF514A377-300x136.jpeg 300w, https:\/\/stadtratsberichte.de\/wp-content\/uploads\/2020\/07\/41D6E2D9-9FE4-452B-A5CC-BCBBF514A377-768x348.jpeg 768w\" sizes=\"auto, (max-width: 632px) 100vw, 632px\" \/><\/a><figcaption>Zunehmende Anzahl der Tage mit einer maximalen Temperatur von &gt;25 Grad (Quelle: <a href=\"https:\/\/www.ris-muenchen.de\/RII\/RII\/DOK\/SITZUNGSVORLAGE\/6097204.pdf\">DWD Studie<\/a>)<\/figcaption><\/figure>\n\n\n\n<p>W\u00e4hrend mehr Sommertage vielleicht noch als positiv empfunden werden, h\u00f6rt die Freude bei mehr hei\u00dfen Tagen in einer Gro\u00dfstadt definitiv auf:<\/p>\n\n\n\n<figure class=\"wp-block-image size-large\"><a href=\"https:\/\/www.ris-muenchen.de\/RII\/RII\/DOK\/SITZUNGSVORLAGE\/6097204.pdf\"><img loading=\"lazy\" decoding=\"async\" width=\"878\" height=\"416\" src=\"https:\/\/stadtratsberichte.de\/wp-content\/uploads\/2020\/07\/9218230E-FAB1-4C37-B475-8E5DEC90E5A7.jpeg\" alt=\"\" class=\"wp-image-328\" srcset=\"https:\/\/stadtratsberichte.de\/wp-content\/uploads\/2020\/07\/9218230E-FAB1-4C37-B475-8E5DEC90E5A7.jpeg 878w, https:\/\/stadtratsberichte.de\/wp-content\/uploads\/2020\/07\/9218230E-FAB1-4C37-B475-8E5DEC90E5A7-300x142.jpeg 300w, https:\/\/stadtratsberichte.de\/wp-content\/uploads\/2020\/07\/9218230E-FAB1-4C37-B475-8E5DEC90E5A7-768x364.jpeg 768w\" sizes=\"auto, (max-width: 767px) 89vw, (max-width: 1000px) 54vw, (max-width: 1071px) 543px, 580px\" \/><\/a><figcaption>Anzahl der hei\u00dfen Tage in der M\u00fcnchner Innenstadt mit Temperaturen &gt; 30 Grad (Quelle: <a href=\"https:\/\/www.ris-muenchen.de\/RII\/RII\/DOK\/SITZUNGSVORLAGE\/6097204.pdf\">DWD Studie<\/a>)<\/figcaption><\/figure>\n\n\n\n<p>Vergleicht man diese Diagramme, scheint es so, als ob die Temperaturzunahme im Sommer st\u00e4rker ausf\u00e4llt als im Winter. Dies kann aber auch an den speziell gew\u00e4hlten Grenzen von 25 bzw. 30 Grad liegen.<\/p>\n\n\n\n<p>Die Niederschlagsmenge bleibt bislang in etwa gleich, aber mit gro\u00dfen Schwankungen:<\/p>\n\n\n\n<figure class=\"wp-block-image size-large\"><img loading=\"lazy\" decoding=\"async\" width=\"1024\" height=\"594\" src=\"https:\/\/stadtratsberichte.de\/wp-content\/uploads\/2020\/07\/707C6F2E-6ABE-474E-9224-2632892D0281-1024x594.jpeg\" alt=\"\" class=\"wp-image-329\" srcset=\"https:\/\/stadtratsberichte.de\/wp-content\/uploads\/2020\/07\/707C6F2E-6ABE-474E-9224-2632892D0281-1024x594.jpeg 1024w, https:\/\/stadtratsberichte.de\/wp-content\/uploads\/2020\/07\/707C6F2E-6ABE-474E-9224-2632892D0281-300x174.jpeg 300w, https:\/\/stadtratsberichte.de\/wp-content\/uploads\/2020\/07\/707C6F2E-6ABE-474E-9224-2632892D0281-768x446.jpeg 768w, https:\/\/stadtratsberichte.de\/wp-content\/uploads\/2020\/07\/707C6F2E-6ABE-474E-9224-2632892D0281.jpeg 1101w\" sizes=\"auto, (max-width: 767px) 89vw, (max-width: 1000px) 54vw, (max-width: 1071px) 543px, 580px\" \/><figcaption>Die gemessenen Niederschl\u00e4ge in der M\u00fcnchner Innenstadt (Quelle: <a href=\"https:\/\/www.ris-muenchen.de\/RII\/RII\/DOK\/SITZUNGSVORLAGE\/6097204.pdf\">DWD Studie<\/a>)<\/figcaption><\/figure>\n\n\n\n<p>Offen bleibt allerdings, wie gleichm\u00e4\u00dfig die Niederschl\u00e4ge \u00fcber das Jahr verteilt sind. Subjektiv erscheint es mir so, als ob lange Trockenphasen und Starkregen zugenommen haben. Die Studie enth\u00e4lt dazu leider keine Angaben.<\/p>\n\n\n\n<p>Im Vergleich mit dem Umland ist M\u00fcnchen wie jede Gro\u00dfstadt eine W\u00e4rmeinsel. Tags\u00fcber heizt sich das Stadtgebiet st\u00e4rker auf und nachts k\u00fchlt es weniger ab. Das folgende Diagramm zeigt diesen Effekt im Tagesgang f\u00fcr die Monate Mai bis August: <\/p>\n\n\n\n<figure class=\"wp-block-image size-large\"><img loading=\"lazy\" decoding=\"async\" width=\"562\" height=\"451\" src=\"https:\/\/stadtratsberichte.de\/wp-content\/uploads\/2020\/07\/BBDA512D-6865-4473-B7E9-4B61151CC702.jpeg\" alt=\"\" class=\"wp-image-331\" srcset=\"https:\/\/stadtratsberichte.de\/wp-content\/uploads\/2020\/07\/BBDA512D-6865-4473-B7E9-4B61151CC702.jpeg 562w, https:\/\/stadtratsberichte.de\/wp-content\/uploads\/2020\/07\/BBDA512D-6865-4473-B7E9-4B61151CC702-300x241.jpeg 300w\" sizes=\"auto, (max-width: 562px) 100vw, 562px\" \/><figcaption>Temperaturdifferenzen zwischen einer Messstation am M\u00fcnchner Flughafen und in der Innenstadt (Quelle: <a href=\"https:\/\/www.ris-muenchen.de\/RII\/RII\/DOK\/SITZUNGSVORLAGE\/6097204.pdf\">DWD Studie<\/a>)<\/figcaption><\/figure>\n\n\n\n<p>Wie man sieht, ist tags\u00fcber die Temperaturdifferenz eher gering. In den Morgen- und den Abendstunden betr\u00e4gt der Unterschied aber ein bis zwei Grad, stellenweise sogar noch mehr. Es liegt auf der Hand, dass in diesen Zeitr\u00e4umen eine Luftstr\u00f6mung vom Umland Richtung Stadtzentrum eine k\u00fchlende Wirkung hat. Genau dies leistet f\u00fcr M\u00fcnchen das \u201cAlpine Pumpen\u201d.<\/p>\n\n\n\n<p>Wer schon einmal am Nordende des Gardasees gewesen ist, kennt das Ph\u00e4nomen. Morgens bl\u00e4st der \u201c Vento\u201d, der Wind von Norden, um gegen Mittag einzuschlafen. Am fr\u00fchen Nachmittag beginnt p\u00fcnktlich die \u201cOra\u201d, der S\u00fcdwind, der bis Sonnenuntergang anh\u00e4lt. Verursacht werden diese regelm\u00e4\u00dfigen Luftstr\u00f6mungen durch die unterschiedlich schnelle Erw\u00e4rmung bzw. Abk\u00fchlung der Luft \u00fcber Land und \u00fcber Wasser.<\/p>\n\n\n\n<p>Das Alpine Pumpen entsteht auf ganz \u00e4hnliche Weise: Wenn im Voralpenland (das bei dieser Betrachtung bis zur Donau reicht) kaum sonstige Luftstr\u00f6mungen herrschen, z.B. wenn ein gro\u00dfes Hochdruckgebiet ortsfest \u00fcber Deutschland liegt, erw\u00e4rmt sich tags\u00fcber die Luft \u00fcber den Alpen st\u00e4rker als \u00fcber dem Voralpenland. Die w\u00e4rmere Luft steigt auf und aus dem Voralpenland str\u00f6mt zum Druckausgleich Luft Richtung S\u00fcden. Abends und nachts dreht sich der Effekt um, da die Luft in den Bergen schneller abk\u00fchlt. Jetzt ist die ausgleichende Luftstr\u00f6mung nach Norden gerichtet. Hier eine schematische Darstellung aus der DWD Studie:<\/p>\n\n\n\n<figure class=\"wp-block-image size-large\"><img loading=\"lazy\" decoding=\"async\" width=\"721\" height=\"595\" src=\"https:\/\/stadtratsberichte.de\/wp-content\/uploads\/2020\/07\/E8CB8048-0D66-44C4-98E3-571A0EE9328D.jpeg\" alt=\"\" class=\"wp-image-336\" srcset=\"https:\/\/stadtratsberichte.de\/wp-content\/uploads\/2020\/07\/E8CB8048-0D66-44C4-98E3-571A0EE9328D.jpeg 721w, https:\/\/stadtratsberichte.de\/wp-content\/uploads\/2020\/07\/E8CB8048-0D66-44C4-98E3-571A0EE9328D-300x248.jpeg 300w\" sizes=\"auto, (max-width: 721px) 100vw, 721px\" \/><figcaption>Schematische Darstellung des Alpinen Pumpens: Oben die Situation am Tag, unten in der Nacht (Quelle: DWD Studie)<\/figcaption><\/figure>\n\n\n\n<p>Messbar ist dieses Ph\u00e4nomen an \u00fcber 40 Tagen im Jahr, von denen die meisten im Sommer liegen, d.h. genau dann, wenn zur Abk\u00fchlung der Luftaustausch mit dem Umland besonders wichtig ist. Die dabei auftretenden Windgeschwindigkeiten sind allerdings nicht sehr stark, eher ein laues L\u00fcftchen von einigen Metern \/ Sekunde. Dennoch geht die DWD-Studie davon aus, dass das Alpine Pumpen dazu beitr\u00e4gt, die Temperaturen in M\u00fcnchen zu senken.<\/p>\n\n\n\n<p>Was ergibt sich aus alledem f\u00fcr die Kommunalpolitik der Stadt M\u00fcnchen? Zwei Schlussfolgerungen dr\u00e4ngen sich mir auf:<\/p>\n\n\n\n<p>Zum einen muss der globale Klimawandel noch st\u00e4rker als bisher bek\u00e4mpft werden. Die Messungen des DWD lassen keine Zweifel aufkommen, wohin trotz des Alpinen Pumpens die Reise geht. Alle Anstrengungen sind erforderlich, wenn wir nicht in absehbarer Zukunft sehr viele Hitzetage mit mehr als 30 Grad in der Stadt haben m\u00f6chten .<\/p>\n\n\n\n<p>Zum anderen muss die Stadtplanung versuchen, alles zu vermeiden, was eine Abk\u00fchlung durch Luftstr\u00f6mungen aus dem Umland behindert und was zur zus\u00e4tzlichen Aufheizung beitr\u00e4gt.<\/p>\n\n\n\n<p>Wie letzteres gehen kann, habe ich gerade mit eigenen Augen in Freiburg gesehen, einer Stadt, die aufgrund ihrer Lage im Oberrheingraben schon heute deutlich w\u00e4rmer als M\u00fcnchen ist und damit einen Blick in unsere \u201cTemperaturzukunft\u201d erm\u00f6glicht. In dem <a href=\"https:\/\/stadtratsberichte.de\/?p=282\">in einem anderen Bericht<\/a> bereits erw\u00e4hnten Neubaugebiet Quartier Vauban ist seit den neunziger Jahren sozial gef\u00f6rderter, dichter Wohnraum geschaffen worden, der gleichzeitig geradezu extrem begr\u00fcnt worden ist. Hier der Blick von oben:<\/p>\n\n\n\n<figure class=\"wp-block-image size-large\"><img loading=\"lazy\" decoding=\"async\" width=\"1024\" height=\"828\" src=\"https:\/\/stadtratsberichte.de\/wp-content\/uploads\/2020\/07\/2020-07-14-1024x828.png\" alt=\"\" class=\"wp-image-348\" srcset=\"https:\/\/stadtratsberichte.de\/wp-content\/uploads\/2020\/07\/2020-07-14-1024x828.png 1024w, https:\/\/stadtratsberichte.de\/wp-content\/uploads\/2020\/07\/2020-07-14-300x243.png 300w, https:\/\/stadtratsberichte.de\/wp-content\/uploads\/2020\/07\/2020-07-14-768x621.png 768w, https:\/\/stadtratsberichte.de\/wp-content\/uploads\/2020\/07\/2020-07-14-1200x970.png 1200w, https:\/\/stadtratsberichte.de\/wp-content\/uploads\/2020\/07\/2020-07-14.png 1384w\" sizes=\"auto, (max-width: 767px) 89vw, (max-width: 1000px) 54vw, (max-width: 1071px) 543px, 580px\" \/><figcaption><em>Das maximal begr\u00fcnte Quartier Vauban in Freiburg. Der gr\u00fcne Streifen in der Mitte ist die Stra\u00dfenbahn. Selbst die Pfosten der Oberleitung sind dort mit Efeu bewachsen (Quelle: Google Maps)<\/em><\/figcaption><\/figure>\n\n\n\n<p>Zwischen den H\u00e4usern ist nahezu ausschlie\u00dflich Gr\u00fcn. Gro\u00dfe versiegelte Fl\u00e4chen, wie in manchen M\u00fcnchner Neubaugebieten gibt es kaum. Freie Sichtachsen auf herausragende Architektur findet man allerdings auch nicht, da der Blick zumeist nur bis zum n\u00e4chsten Baum reicht. Und anders als die kleinen Anpflanzungen, die man typischerweise auf M\u00fcnchner Tiefgaragen findet, sind das wirklich gro\u00dfe B\u00e4ume, die ihre Umgebung sp\u00fcrbar abk\u00fchlen. Ich denke, nur mit solch einer Vegetation k\u00f6nnen die Auswirkungen des Klimawandels auf M\u00fcnchen abgefedert werden, damit auch in den hei\u00dfen Sommern der Zukunft das Leben in der Stadt halbwegs angenehm bleibt.<\/p>\n","protected":false},"excerpt":{"rendered":"<p>Die Kommunalpolitik der Stadt M\u00fcnchen befasst sich st\u00e4ndig mit dem Klimawandel. Zumeist geht es darum, die CO2-Emissionen der Stadt zu senken, sei es beim Wohnen, im Verkehr oder durch den Konsum der M\u00fcnchner. Die Sitzung des Umweltausschusses am letzten Dienstag betraf die andere Seite der Medaille, n\u00e4mlich wie sich der Klimawandel konkret auf M\u00fcnchen auswirkt. &hellip; <\/p>\n<p class=\"link-more\"><a href=\"https:\/\/stadtratsberichte.de\/?p=318\" class=\"more-link\"><span class=\"screen-reader-text\">\u201eDie Auswirkungen des Klimawandels auf M\u00fcnchen\u201c <\/span>weiterlesen<\/a><\/p>\n","protected":false},"author":1,"featured_media":0,"comment_status":"closed","ping_status":"open","sticky":false,"template":"","format":"standard","meta":{"footnotes":""},"categories":[19],"tags":[],"class_list":["post-318","post","type-post","status-publish","format-standard","hentry","category-klima-und-umweltausschuss"],"_links":{"self":[{"href":"https:\/\/stadtratsberichte.de\/index.php?rest_route=\/wp\/v2\/posts\/318","targetHints":{"allow":["GET"]}}],"collection":[{"href":"https:\/\/stadtratsberichte.de\/index.php?rest_route=\/wp\/v2\/posts"}],"about":[{"href":"https:\/\/stadtratsberichte.de\/index.php?rest_route=\/wp\/v2\/types\/post"}],"author":[{"embeddable":true,"href":"https:\/\/stadtratsberichte.de\/index.php?rest_route=\/wp\/v2\/users\/1"}],"replies":[{"embeddable":true,"href":"https:\/\/stadtratsberichte.de\/index.php?rest_route=%2Fwp%2Fv2%2Fcomments&post=318"}],"version-history":[{"count":19,"href":"https:\/\/stadtratsberichte.de\/index.php?rest_route=\/wp\/v2\/posts\/318\/revisions"}],"predecessor-version":[{"id":352,"href":"https:\/\/stadtratsberichte.de\/index.php?rest_route=\/wp\/v2\/posts\/318\/revisions\/352"}],"wp:attachment":[{"href":"https:\/\/stadtratsberichte.de\/index.php?rest_route=%2Fwp%2Fv2%2Fmedia&parent=318"}],"wp:term":[{"taxonomy":"category","embeddable":true,"href":"https:\/\/stadtratsberichte.de\/index.php?rest_route=%2Fwp%2Fv2%2Fcategories&post=318"},{"taxonomy":"post_tag","embeddable":true,"href":"https:\/\/stadtratsberichte.de\/index.php?rest_route=%2Fwp%2Fv2%2Ftags&post=318"}],"curies":[{"name":"wp","href":"https:\/\/api.w.org\/{rel}","templated":true}]}}