{"id":2790,"date":"2022-08-01T10:09:59","date_gmt":"2022-08-01T10:09:59","guid":{"rendered":"https:\/\/stadtratsberichte.de\/?p=2790"},"modified":"2022-08-01T10:55:37","modified_gmt":"2022-08-01T10:55:37","slug":"neue-erkenntnisse","status":"publish","type":"post","link":"https:\/\/stadtratsberichte.de\/?p=2790","title":{"rendered":"Neue Erkenntnisse"},"content":{"rendered":"\n<p>In Krisen muss man auf neue Umst\u00e4nde reagieren. Strategien, die gestern noch richtig waren, sind heute nicht mehr sinnvoll, wenn sich wesentliche Voraussetzungen ge\u00e4ndert haben. So waren die harten Coronama\u00dfnahmen am Anfang der Pandemie ebenso n\u00f6tig, wie sie jetzt falsch w\u00e4ren. Dank der Impfung ist das Krankheitsrisiko inzwischen viel niedriger als in 2020.<\/p>\n\n\n\n<p>Gleiches gilt in der aktuellen Gaskrise. Neue Entwicklungen verlangen das \u00dcberdenken bislang gefasster Beschl\u00fcsse. Ein aktuelles Beispiel aus M\u00fcnchen ist die \u00fcberraschende Verlautbarung der Stadtwerke M\u00fcnchen (SWM), dass im kommenden Winter die Fernw\u00e4rme in M\u00fcnchen grunds\u00e4tzlich ohne den Betrieb der Gaskraftwerke der SWM erzeugt werden kann.  Bislang galt die Annahme, dass diese Gaskraftwerke durchgehend laufen m\u00fcssten, damit es in den mit Fernw\u00e4rme geheizten Wohnungen M\u00fcnchens nicht kalt wird, vgl. <a href=\"https:\/\/stadtratsberichte.de\/?p=2738\">hier<\/a>.<\/p>\n\n\n\n<p>Vor diesem Hintergrund haben die Fraktionen der gr\u00fcn-roten Rathauskoalition ihre Meinung zum Weiterbetrieb des Atomkraftwerks Isar 2 ge\u00e4ndert und in der Vollversammlung am vergangenen Mittwoch erkl\u00e4rt, dass sie einem begrenzten Weiterbetrieb im Grundsatz zustimmen k\u00f6nnen. Welche \u00dcberlegungen diesem Umschwung zugrunde liegen, und welche Unklarheiten es dabei noch gibt, soll nachfolgend erl\u00e4utert werden.<\/p>\n\n\n\n<!--more-->\n\n\n\n<p>Die neue Analyse zur Fernw\u00e4rmeversorgung durch die Stadtwerke ist zun\u00e4chst einmal eine gute Nachricht, denn dadurch kann Gas eingespart werden, das an anderer Stelle dringend ben\u00f6tigt wird, beispielsweise in der Industrie oder zum Heizen von Wohnungen ohne Fernw\u00e4rmeanschluss. Um zu verstehen, welche R\u00fcckwirkungen der Verzicht auf die Gaskraftwerke f\u00fcr den umstrittenen Weiterbetrieb von Isar 2 hat, muss man einen Blick auf den M\u00fcnchener Kraftwerkspark werfen. Wesentlich sind dabei insbesondere die gr\u00f6\u00dften drei Kraftwerke, zu denen man <a href=\"https:\/\/de.wikipedia.org\/wiki\/Liste_der_Kraftwerke_in_M%C3%BCnchen\">folgende Daten bei Wikipedia<\/a> findet:<\/p>\n\n\n\n<p><\/p>\n\n\n\n<p>1.   <a href=\"https:\/\/de.wikipedia.org\/wiki\/Heizkraftwerk_S%C3%BCd_(M%C3%BCnchen)\">Das Heizkraftwerk S\u00fcd<\/a><\/p>\n\n\n\n<p>Dieses Kraftwerk wird mit Erdgas betrieben und erzeugt laut Wikipedia maximal 814 Megawatt (MW) Fernw\u00e4rmeheizleistung. Als Heiz<strong>kraft<\/strong>werk erzeugt es auch Strom und zwar maximal knapp 700 MW.<\/p>\n\n\n\n<p>2.  <a href=\"https:\/\/de.wikipedia.org\/wiki\/Heizkraftwerk_Nord_(M%C3%BCnchen)\">Das Heizkraftwerk Nord<\/a><\/p>\n\n\n\n<p>Hier kommt in erster Linie Kohle und Restm\u00fcll zur Verbrennung. Die Fernw\u00e4rmeleistung betr\u00e4gt 900 MW. Auch hier wird gleichzeitig Strom erzeugt, maximal etwas mehr als 400 MW.<\/p>\n\n\n\n<p>3.  <a href=\"https:\/\/de.wikipedia.org\/wiki\/Heizkraftwerk_Freimann\">Das Heizkraftwerk Freimann<\/a><\/p>\n\n\n\n<p>Wie im Heizkraftwerk S\u00fcd wird hier Erdgas als Brennstoff verwendet. Die Leistung ist allerdings geringer. Neben maximal 125 MW Heizleistung f\u00fcr die Fernw\u00e4rme k\u00f6nnen die zwei Gasturbinen dieses Kraftwerks etwa 100 MW Strom bereitstellen.<\/p>\n\n\n\n<p><\/p>\n\n\n\n<p>Zus\u00e4tzlich verf\u00fcgen die SWM in M\u00fcnchen \u00fcber eine Anzahl kleinerer Kraftwerke, die Strom mit Wasser, Wind, etc. erzeugen. F\u00fcr die nachfolgenden Betrachtungen sind diese Kleinkraftwerke &#8211; leider &#8211; vernachl\u00e4ssigbar.<\/p>\n\n\n\n<p>In einer Sitzung des Aufsichtsrates kurz nach der Vollversammlung des Stadtrates im Juni haben die Vertreter der Stadtwerke \u00fcberraschenderweise erkl\u00e4rt, dass die Fernw\u00e4rmeversorgung an einem normalen Wintertag auch ohne die Heizleistung der beiden mit Gas befeuerten Heizkraftwerke (S\u00fcd und Freimann) gesichert werden k\u00f6nnte. Neben dem Heizkraftwerk Nord k\u00e4men dazu verschiedene Heizkessel in der Stadt zum Einsatz, die mit Erd\u00f6l befeuert werden k\u00f6nnten. Warum diese Berechnung der Heizlast der Fernw\u00e4rme nicht schon vorher, insbesondere vor der letzten Vollversammlung, m\u00f6glich war, ist nicht bekannt. Auch gibt es bislang keine \u00f6ffentliche Unterlagen dazu. <\/p>\n\n\n\n<p>Der Zusammenhang mit Isar 2 entsteht dadurch, das <strong>beim Abschalten der beiden Gaskraftwerke etwa 800 MW Leistung bei der Stromerzeugung fehlen<\/strong>, vgl. die obigen Leistungsangaben. Wie der Fraktionsvorsitzende der Gr\u00fcnen, Dominik Krause, in der Vollversammlung zu Recht in Erinnerung gerufen hat, kann Windstrom aus Norddeutschland (den auch die SWM dort erzeugen) diese fehlende Leistung im Stromnetz in Bayern bislang nicht ersetzen. <a href=\"https:\/\/www.br.de\/nachrichten\/bayern\/stromtrassen-ausbau-in-bayern-hinkt-jahre-hinterher,TA4Io3M\">Denn die erforderlichen Leitungen sind aufgrund des jahrelangen Widerstandes der CSU bis heute nicht fertiggestellt.<\/a><\/p>\n\n\n\n<p>Als Ersatz f\u00fcr den Strom aus den beiden Gaskraftwerken kommt zur \u00dcberbr\u00fcckung ein Weiterbetrieb von Isar 2 in Betracht. Wie bereits im <a href=\"https:\/\/stadtratsberichte.de\/?p=2738\">letzten Bericht<\/a> ausgef\u00fchrt, k\u00f6nnte laut einem Gutachten des T\u00dcVs dieses Atomkraftwerk f\u00fcr einige Monate ohne Austausch der Brennst\u00e4be etwa 900 MW Strom liefern. Damit w\u00e4re der Ausfall der beiden M\u00fcnchner Gaskraftwerke kompensiert. <\/p>\n\n\n\n<p>Selbst wenn man Bedenken gegen die Atomenergie hat, erscheinen diese \u00dcberlegungen in der aktuellen Gasmangellage stichhaltig. Allerdings soll die Stabilit\u00e4t des Stromnetzes in Deutschland und insbesondere in Bayern in den n\u00e4chsten Wochen noch mit sogenannten &#8222;Strommodellen&#8220;, d.h. Simulationen zur Stromerzeugung und zum Stromverbrauch im Winter 22\/23, im Detail \u00fcberpr\u00fcft werden. <\/p>\n\n\n\n<p>Ein Gesichtspunkt, der dabei auch noch eine Rolle spielen wird, ist der Export von Strom nach Frankreich, da dort viele Atomkraftwerke zur Zeit wegen Wartungsarbeiten nicht am Netz sind. Normalerweise ist das Verh\u00e4ltnis mit Frankreich nahezu ausgeglichen, d.h. es wird im zeitlichen Mittel genauso viel Strom importiert wie exportiert. Zuletzt ist das jedoch anders geworden, wie man an dieser Grafik erkennen kann:<\/p>\n\n\n\n<figure class=\"wp-block-image size-large\"><img loading=\"lazy\" decoding=\"async\" width=\"1024\" height=\"392\" src=\"https:\/\/stadtratsberichte.de\/wp-content\/uploads\/2022\/07\/2022-08-01-1024x392.png\" alt=\"\" class=\"wp-image-2812\" srcset=\"https:\/\/stadtratsberichte.de\/wp-content\/uploads\/2022\/07\/2022-08-01-1024x392.png 1024w, https:\/\/stadtratsberichte.de\/wp-content\/uploads\/2022\/07\/2022-08-01-300x115.png 300w, https:\/\/stadtratsberichte.de\/wp-content\/uploads\/2022\/07\/2022-08-01-768x294.png 768w, https:\/\/stadtratsberichte.de\/wp-content\/uploads\/2022\/07\/2022-08-01-1536x588.png 1536w, https:\/\/stadtratsberichte.de\/wp-content\/uploads\/2022\/07\/2022-08-01.png 1992w\" sizes=\"auto, (max-width: 767px) 89vw, (max-width: 1000px) 54vw, (max-width: 1071px) 543px, 580px\" \/><figcaption>Stromaustausch mit Frankreich: Sp\u00e4testens seit September 2021 wird deutlich mehr Strom nach Frankreich exportiert als importiert. Grund daf\u00fcr sind die Wartungsarbeiten an vielen franz\u00f6sischen Atomkraftwerken<br> Quelle: <a href=\"https:\/\/www.agora-energiewende.de\/service\/agorameter\/chart\/power_import_export\/30.06.2020\/01.08.2022\/today\/\">www.agora-energiewende.de<\/a><\/figcaption><\/figure>\n\n\n\n<p>Ob der Weiterbetrieb von Isar 2 \u00fcber 2022 hinaus erforderlich ist, l\u00e4sst sich somit erst entscheiden, wenn klar ist, wieviel Strom im Winter im europ\u00e4ischen Verbundnetz und insbesondere in Bayern voraussichtlich zur Verf\u00fcgung steht und wie sich der Strombedarf aufgrund der Gaskrise entwickeln wird. <\/p>\n\n\n\n<p>Auf dieser Grundlage sind am Ende die Sicherheitsbedenken gegen den Weiterbetrieb von Isar 2 gegen die Gefahr eines Stromausfalls abzuw\u00e4gen.  <\/p>\n\n\n\n<p><\/p>\n\n\n\n<p><\/p>\n","protected":false},"excerpt":{"rendered":"<p>In Krisen muss man auf neue Umst\u00e4nde reagieren. Strategien, die gestern noch richtig waren, sind heute nicht mehr sinnvoll, wenn sich wesentliche Voraussetzungen ge\u00e4ndert haben. So waren die harten Coronama\u00dfnahmen am Anfang der Pandemie ebenso n\u00f6tig, wie sie jetzt falsch w\u00e4ren. Dank der Impfung ist das Krankheitsrisiko inzwischen viel niedriger als in 2020. Gleiches gilt &hellip; <\/p>\n<p class=\"link-more\"><a href=\"https:\/\/stadtratsberichte.de\/?p=2790\" class=\"more-link\"><span class=\"screen-reader-text\">\u201eNeue Erkenntnisse\u201c <\/span>weiterlesen<\/a><\/p>\n","protected":false},"author":1,"featured_media":0,"comment_status":"open","ping_status":"open","sticky":false,"template":"","format":"standard","meta":{"footnotes":""},"categories":[2],"tags":[],"class_list":["post-2790","post","type-post","status-publish","format-standard","hentry","category-vollversamlung"],"_links":{"self":[{"href":"https:\/\/stadtratsberichte.de\/index.php?rest_route=\/wp\/v2\/posts\/2790","targetHints":{"allow":["GET"]}}],"collection":[{"href":"https:\/\/stadtratsberichte.de\/index.php?rest_route=\/wp\/v2\/posts"}],"about":[{"href":"https:\/\/stadtratsberichte.de\/index.php?rest_route=\/wp\/v2\/types\/post"}],"author":[{"embeddable":true,"href":"https:\/\/stadtratsberichte.de\/index.php?rest_route=\/wp\/v2\/users\/1"}],"replies":[{"embeddable":true,"href":"https:\/\/stadtratsberichte.de\/index.php?rest_route=%2Fwp%2Fv2%2Fcomments&post=2790"}],"version-history":[{"count":34,"href":"https:\/\/stadtratsberichte.de\/index.php?rest_route=\/wp\/v2\/posts\/2790\/revisions"}],"predecessor-version":[{"id":2829,"href":"https:\/\/stadtratsberichte.de\/index.php?rest_route=\/wp\/v2\/posts\/2790\/revisions\/2829"}],"wp:attachment":[{"href":"https:\/\/stadtratsberichte.de\/index.php?rest_route=%2Fwp%2Fv2%2Fmedia&parent=2790"}],"wp:term":[{"taxonomy":"category","embeddable":true,"href":"https:\/\/stadtratsberichte.de\/index.php?rest_route=%2Fwp%2Fv2%2Fcategories&post=2790"},{"taxonomy":"post_tag","embeddable":true,"href":"https:\/\/stadtratsberichte.de\/index.php?rest_route=%2Fwp%2Fv2%2Ftags&post=2790"}],"curies":[{"name":"wp","href":"https:\/\/api.w.org\/{rel}","templated":true}]}}