{"id":274,"date":"2020-07-02T20:40:52","date_gmt":"2020-07-02T20:40:52","guid":{"rendered":"http:\/\/stadtratsberichte.de\/?p=274"},"modified":"2020-07-02T20:42:13","modified_gmt":"2020-07-02T20:42:13","slug":"der-neustart-der-kultur","status":"publish","type":"post","link":"https:\/\/stadtratsberichte.de\/?p=274","title":{"rendered":"Der Neustart der Kultur"},"content":{"rendered":"\n<p>Fast vier Monate ist es her, dass das kulturelle Leben in M\u00fcnchen wegen Corona zum Stillstand gekommen ist. Die Folgen f\u00fcr viele K\u00fcnstler sind existenzbedrohend trotz der angelaufenen Unterst\u00fctzung durch Bund, Freistaat und die Stadt M\u00fcnchen. Umso erfreulicher ist es, dass der Kulturausschuss des Stadtrates heute einstimmig ein umfangreiches Programm verabschiedet hat, mit dem ein &#8222;(Kultur-) Sommer in der Stadt&#8220; auf den Weg gebracht wird. Das Kulturreferat greift damit Antr\u00e4ge der SPD und mehrerer Bezirksaussch\u00fcsse auf, die darauf abzielen, st\u00e4dtische Fl\u00e4chen im Au\u00dfenbereich f\u00fcr Auftritte von K\u00fcnstlern zur Verf\u00fcgung zu stellen.<\/p>\n\n\n\n<p>Allerdings geht die heute verabschiedete <a href=\"https:\/\/www.ris-muenchen.de\/RII\/RII\/DOK\/SITZUNGSVORLAGE\/6103566.pdf\">Vorlage<\/a> weit dar\u00fcber hinaus und beinhaltet &#8211;  unter &#8222;<em>penibler Einhaltung der Hygieneregeln<\/em>&#8220; (Kulturreferatsleiter Anton Biebl) &#8211; folgende Kernpunkte:<\/p>\n\n\n\n<ul class=\"wp-block-list\"><li>Eine &#8222;<strong>Stadtteil-Wanderb\u00fchne<\/strong>&#8220; , die von den jeweiligen Stadtteilkulturzentren in Kooperation mit den \u00f6rtlichen Bezirksaussch\u00fcssen bespielt wird. Die Kulturveranstaltungen werden mit dem bereits geplanten Programm &#8222;Sommer in der Stadt&#8220; kombiniert, das Schaustellern erm\u00f6glicht, verteilt \u00fcber die ganze Stadt an vielen Orten ihre Gesch\u00e4fte zu betreiben.<\/li><li>Eine <strong>feste Sommerb\u00fchne<\/strong>, die voraussichtlich im Olympiapark aufgebaut wird und von Ende Juli bis Mitte September an sieben Tagen in der Woche ein umfangreiches Kulturprogramm bietet.<\/li><li>Die Unterst\u00fctzung einer Vielzahl von bereits laufenden Initiativen, um an weiteren Orten Bands, Kabarettisten und anderen K\u00fcnstlern Auftritte zu erm\u00f6glichen, beispielsweise im Innenhof des Stadtmuseums.<\/li><\/ul>\n\n\n\n<p>K\u00fcnstler, die an diesem Programm mitwirken m\u00f6chten, k\u00f6nnen sich unter <a href=\"mailto:booking@vdmk.info\">booking@vdmk.info<\/a> bewerben.<\/p>\n\n\n\n<p>Neben der umfangreichen Organisation der Auftrittsorte \u00fcbernimmt die Stadt auch die Verg\u00fctung der K\u00fcnstler. Das ist ein ganz wesentlicher Schritt. Denn damit wird, wie in der heutigen Debatte deutlich wurde, ein gro\u00dfes Hindernis f\u00fcr den Neustart der Kultur aus dem  Weg ger\u00e4umt. Aufgrund der  &#8211; jedenfalls gef\u00fchlt &#8211; immer noch unsicheren Infektionslage sind die M\u00fcnchner bislang kaum bereit, Eintrittskarten f\u00fcr die wenigen bereits wieder laufenden Kulturveranstaltungen zu erwerben. <\/p>\n\n\n\n<p>Umsonst ist das alles nicht zu haben. Mit der Vorlage wurde dem Kulturreferat vom Kulturausschuss eine Finanzierung in H\u00f6he von knapp. 1 Mio EUR genehmigt. Aus meiner Sicht ein keineswegs zu hoher Betrag, wenn man bedenkt, welche Bedeutung Musik, Kleinkunst, Theater und andere Kulturformen f\u00fcr diese Stadt haben und wie wichtig es daher ist, hier endlich wieder durchzustarten. Vielleicht l\u00e4sst sich dieser Betrag bei der geplanten Edel-Sanierung des Gasteigs wieder einsparen, wenn man dort genauer auf die Kosten achtet (Gesamtsumme laut Presseangaben gesch\u00e4tzt 450 Mio EUR).<\/p>\n\n\n\n<p>Aus den Reihen des Stadtrates wurde erg\u00e4nzend angeregt, Besucher der Veranstaltungen nachdr\u00fccklich um Spenden zu bitten. Damit sollen \u00fcber eine der Kulturstiftungen der Stadt auch K\u00fcnstler unterst\u00fctzt werden, die bei dem Kulturprogramm nicht zum Zuge kommen und daher noch nicht wieder auftreten k\u00f6nnen. Eine, wie ich finde, sehr nette solidarische Aktion.<\/p>\n\n\n\n<p>Bei aller Freude \u00fcber das vorgelegte Kulturprogramm wurden aber auch zwei Unsicherheiten deutlich:<\/p>\n\n\n\n<p>Wie geht es im Herbst weiter ? Was ist, wenn auch dann noch kein normaler Kulturbetrieb m\u00f6glich ist ? Wird das Programm dann verl\u00e4ngert? Hierzu wollte sich der Referatsleiter noch nicht \u00e4u\u00dfern, aber die Planungen dazu m\u00fcssten eigentlich jetzt schon beginnen. Denn ein Impfstoff wird, wenn \u00fcberhaupt, nicht schon in drei Monaten verf\u00fcgbar sein.<\/p>\n\n\n\n<p>Und was passiert, wenn der Virus doch einmal zuschl\u00e4gt und es &#8211; trotz aller Abstandsregeln &#8211; auf einer Veranstaltung des Kultursommers zu Infektionsf\u00e4llen kommt? Ich denke auch dazu sollte man sich vorbereitend Gedanken machen, insbesondere wie man einen solchen Fall richtig einordnet. Ein paar \u00dcberlegungen dazu:<\/p>\n\n\n\n<p>Nehmen wir einmal an, dass sich bei einer der geplanten Kulturveranstaltungen in den kommenden zwei Monaten direkt oder indirekt 100 Personen mit dem Virus infizieren. Das w\u00e4re wirklich schlimm, aber rein statistisch betrachtet w\u00fcrde es, nach allem was man gegenw\u00e4rtig wei\u00df, wohl nur zu einigen schweren Krankheitsverl\u00e4ufen und einem einzigen Todesfall f\u00fchren. <\/p>\n\n\n\n<p>Auch das w\u00e4re einer zuviel, aber er ist in Relation mit anderen schlimmen Ereignissen zu sehen, die aller Voraussicht nach im gleichen Zeitraum eintreten werden (z.B. etwa 5 Morde in M\u00fcnchen, vgl. den aktuellen <a href=\"https:\/\/www.ris-muenchen.de\/RII\/RII\/DOK\/SITZUNGSVORLAGE\/6071574.pdf\">Kriminalit\u00e4tsbericht<\/a>, oder 4 Verkehrstote und etwa 120 Schwerverletzte, vgl. den aktuellen <a href=\"https:\/\/www.polizei.bayern.de\/content\/1\/5\/6\/5\/verkehrsbericht_2019_internet.pdf\">Verkehrsbericht<\/a> f\u00fcr M\u00fcnchen). Es sollten daher alle Anstrengungen unternommen werden, solch eine Infektion zu vermeiden. Falls es aber doch passiert, w\u00e4re es aus meiner Sicht unverh\u00e4ltnism\u00e4\u00dfig deswegen den dringend erforderlichen Neustart der Kultur in M\u00fcnchen wieder auszusetzen.<\/p>\n","protected":false},"excerpt":{"rendered":"<p>Fast vier Monate ist es her, dass das kulturelle Leben in M\u00fcnchen wegen Corona zum Stillstand gekommen ist. Die Folgen f\u00fcr viele K\u00fcnstler sind existenzbedrohend trotz der angelaufenen Unterst\u00fctzung durch Bund, Freistaat und die Stadt M\u00fcnchen. Umso erfreulicher ist es, dass der Kulturausschuss des Stadtrates heute einstimmig ein umfangreiches Programm verabschiedet hat, mit dem ein &hellip; <\/p>\n<p class=\"link-more\"><a href=\"https:\/\/stadtratsberichte.de\/?p=274\" class=\"more-link\"><span class=\"screen-reader-text\">\u201eDer Neustart der Kultur\u201c <\/span>weiterlesen<\/a><\/p>\n","protected":false},"author":1,"featured_media":0,"comment_status":"closed","ping_status":"open","sticky":false,"template":"","format":"standard","meta":{"footnotes":""},"categories":[17],"tags":[],"class_list":["post-274","post","type-post","status-publish","format-standard","hentry","category-kulturausschuss"],"_links":{"self":[{"href":"https:\/\/stadtratsberichte.de\/index.php?rest_route=\/wp\/v2\/posts\/274","targetHints":{"allow":["GET"]}}],"collection":[{"href":"https:\/\/stadtratsberichte.de\/index.php?rest_route=\/wp\/v2\/posts"}],"about":[{"href":"https:\/\/stadtratsberichte.de\/index.php?rest_route=\/wp\/v2\/types\/post"}],"author":[{"embeddable":true,"href":"https:\/\/stadtratsberichte.de\/index.php?rest_route=\/wp\/v2\/users\/1"}],"replies":[{"embeddable":true,"href":"https:\/\/stadtratsberichte.de\/index.php?rest_route=%2Fwp%2Fv2%2Fcomments&post=274"}],"version-history":[{"count":7,"href":"https:\/\/stadtratsberichte.de\/index.php?rest_route=\/wp\/v2\/posts\/274\/revisions"}],"predecessor-version":[{"id":281,"href":"https:\/\/stadtratsberichte.de\/index.php?rest_route=\/wp\/v2\/posts\/274\/revisions\/281"}],"wp:attachment":[{"href":"https:\/\/stadtratsberichte.de\/index.php?rest_route=%2Fwp%2Fv2%2Fmedia&parent=274"}],"wp:term":[{"taxonomy":"category","embeddable":true,"href":"https:\/\/stadtratsberichte.de\/index.php?rest_route=%2Fwp%2Fv2%2Fcategories&post=274"},{"taxonomy":"post_tag","embeddable":true,"href":"https:\/\/stadtratsberichte.de\/index.php?rest_route=%2Fwp%2Fv2%2Ftags&post=274"}],"curies":[{"name":"wp","href":"https:\/\/api.w.org\/{rel}","templated":true}]}}